{"id":8,"date":"2023-10-27T15:24:00","date_gmt":"2023-10-27T13:24:00","guid":{"rendered":"https:\/\/caviste.tel\/blog\/?p=8"},"modified":"2023-10-27T15:42:18","modified_gmt":"2023-10-27T13:42:18","slug":"ales-accueille-la-premiere-franchise-cave-conseil-dans-le-gard","status":"publish","type":"post","link":"https:\/\/caviste.tel\/blog\/2023\/10\/27\/ales-accueille-la-premiere-franchise-cave-conseil-dans-le-gard\/","title":{"rendered":"Al\u00e8s accueille la premi\u00e8re franchise Cave Conseil dans le Gard"},"content":{"rendered":"<p>La ville d&rsquo;Al\u00e8s se r\u00e9jouit d&rsquo;accueillir une nouvelle adresse pour les amateurs de vins&nbsp;: la franchise <strong>Cave Conseil Al\u00e8s<\/strong> a ouvert ses portes en f\u00e9vrier dernier dans le departement du Gard. Passionn\u00e9 d&rsquo;\u0153nologie, le responsable Brian Vandenynden invite les habitants et visiteurs \u00e0 partager sa passion des bonnes bouteilles.<\/p>\n<div id=\"ez-toc-container\" class=\"ez-toc-v2_0_75 counter-hierarchy ez-toc-counter ez-toc-grey ez-toc-container-direction\">\n<div class=\"ez-toc-title-container\">\n<p class=\"ez-toc-title\" style=\"cursor:inherit\">Table of Contents<\/p>\n<span class=\"ez-toc-title-toggle\"><a href=\"#\" class=\"ez-toc-pull-right ez-toc-btn ez-toc-btn-xs ez-toc-btn-default ez-toc-toggle\" aria-label=\"Toggle Table of Content\"><span class=\"ez-toc-js-icon-con\"><span class=\"\"><span class=\"eztoc-hide\" style=\"display:none;\">Toggle<\/span><span class=\"ez-toc-icon-toggle-span\"><svg style=\"fill: #999;color:#999\" xmlns=\"http:\/\/www.w3.org\/2000\/svg\" class=\"list-377408\" width=\"20px\" height=\"20px\" viewBox=\"0 0 24 24\" fill=\"none\"><path d=\"M6 6H4v2h2V6zm14 0H8v2h12V6zM4 11h2v2H4v-2zm16 0H8v2h12v-2zM4 16h2v2H4v-2zm16 0H8v2h12v-2z\" fill=\"currentColor\"><\/path><\/svg><svg style=\"fill: #999;color:#999\" class=\"arrow-unsorted-368013\" xmlns=\"http:\/\/www.w3.org\/2000\/svg\" width=\"10px\" height=\"10px\" viewBox=\"0 0 24 24\" version=\"1.2\" baseProfile=\"tiny\"><path d=\"M18.2 9.3l-6.2-6.3-6.2 6.3c-.2.2-.3.4-.3.7s.1.5.3.7c.2.2.4.3.7.3h11c.3 0 .5-.1.7-.3.2-.2.3-.5.3-.7s-.1-.5-.3-.7zM5.8 14.7l6.2 6.3 6.2-6.3c.2-.2.3-.5.3-.7s-.1-.5-.3-.7c-.2-.2-.4-.3-.7-.3h-11c-.3 0-.5.1-.7.3-.2.2-.3.5-.3.7s.1.5.3.7z\"\/><\/svg><\/span><\/span><\/span><\/a><\/span><\/div>\n<nav><ul class='ez-toc-list ez-toc-list-level-1 ' ><li class='ez-toc-page-1 ez-toc-heading-level-2'><a class=\"ez-toc-link ez-toc-heading-1\" href=\"https:\/\/caviste.tel\/blog\/2023\/10\/27\/ales-accueille-la-premiere-franchise-cave-conseil-dans-le-gard\/#Une_selection_pointue_de_vins_locaux_et_internationaux_en_rayon\" >Une s\u00e9lection pointue de vins locaux et internationaux en rayon<\/a><ul class='ez-toc-list-level-3' ><li class='ez-toc-heading-level-3'><a class=\"ez-toc-link ez-toc-heading-2\" href=\"https:\/\/caviste.tel\/blog\/2023\/10\/27\/ales-accueille-la-premiere-franchise-cave-conseil-dans-le-gard\/#Mise_en_avant_des_producteurs_locaux\" >Mise en avant des producteurs locaux<\/a><\/li><\/ul><\/li><li class='ez-toc-page-1 ez-toc-heading-level-2'><a class=\"ez-toc-link ez-toc-heading-3\" href=\"https:\/\/caviste.tel\/blog\/2023\/10\/27\/ales-accueille-la-premiere-franchise-cave-conseil-dans-le-gard\/#Un_espace_degustation_pour_decouvrir_de_nouvelles_saveurs\" >Un espace d\u00e9gustation pour d\u00e9couvrir de nouvelles saveurs<\/a><\/li><li class='ez-toc-page-1 ez-toc-heading-level-2'><a class=\"ez-toc-link ez-toc-heading-4\" href=\"https:\/\/caviste.tel\/blog\/2023\/10\/27\/ales-accueille-la-premiere-franchise-cave-conseil-dans-le-gard\/#La_premiere_franchise_Cave_Conseil_dans_le_Gard_un_premier_pas_vers_dautres_aventures\" >La premi\u00e8re franchise Cave Conseil dans le Gard, un premier pas vers d&rsquo;autres aventures<\/a><ul class='ez-toc-list-level-3' ><li class='ez-toc-heading-level-3'><a class=\"ez-toc-link ez-toc-heading-5\" href=\"https:\/\/caviste.tel\/blog\/2023\/10\/27\/ales-accueille-la-premiere-franchise-cave-conseil-dans-le-gard\/#Une_franchise_en_pleine_expansion_en_France\" >Une franchise en pleine expansion en France<\/a><\/li><\/ul><\/li><li class='ez-toc-page-1 ez-toc-heading-level-2'><a class=\"ez-toc-link ez-toc-heading-6\" href=\"https:\/\/caviste.tel\/blog\/2023\/10\/27\/ales-accueille-la-premiere-franchise-cave-conseil-dans-le-gard\/#Poussez_les_portes_de_la_Cave_Conseil_Ales_et_laissez-vous_conseiller_par_Brian_Vandenynden\" >Poussez les portes de la Cave Conseil Al\u00e8s et laissez-vous conseiller par Brian Vandenynden<\/a><\/li><\/ul><\/nav><\/div>\n<h2><span class=\"ez-toc-section\" id=\"Une_selection_pointue_de_vins_locaux_et_internationaux_en_rayon\"><\/span>Une s\u00e9lection pointue de vins locaux et internationaux en rayon<span class=\"ez-toc-section-end\"><\/span><\/h2>\n<p>Les bouteilles propos\u00e9es au sein de la <strong>Cave Conseil Al\u00e8s<\/strong> proviennent de diff\u00e9rentes r\u00e9gions viticoles, tant fran\u00e7aises qu&rsquo;\u00e9trang\u00e8res, garantissant ainsi un choix vari\u00e9 pour tous les go\u00fbts. Chaque mois, un membre de la direction part \u00e0 la recherche de tr\u00e9sors cach\u00e9s et s\u00e9lectionne avec soin quelques p\u00e9pites gustatives \u00e0 proposer aux clients du magasin. Ces visites permettent \u00e9galement de renouveler sans cesse l&rsquo;offre de la cave et de faire d\u00e9couvrir aux habitu\u00e9s<em> de vrais coups de c\u0153ur.<\/em><\/p>\n<h3><span class=\"ez-toc-section\" id=\"Mise_en_avant_des_producteurs_locaux\"><\/span>Mise en avant des producteurs locaux<span class=\"ez-toc-section-end\"><\/span><\/h3>\n<p>En plus de pr\u00e9senter des vins internationaux, la <strong>Cave Conseil Al\u00e8s<\/strong> met \u00e9galement l&rsquo;accent sur les productions locales et r\u00e9gionales. En effet, il est important pour Brian Vandenynden de promouvoir les savoir-faire gardois et occitan, et ils sont nombreux dans le domaine viticole ! Il travaille notamment avec plusieurs vignerons ind\u00e9pendants de la r\u00e9gion pour proposer des vins et autres boissons alcoolis\u00e9es de qualit\u00e9.<\/p>\n<h2><span class=\"ez-toc-section\" id=\"Un_espace_degustation_pour_decouvrir_de_nouvelles_saveurs\"><\/span>Un espace d\u00e9gustation pour d\u00e9couvrir de nouvelles saveurs<span class=\"ez-toc-section-end\"><\/span><\/h2>\n<p>Ce n&rsquo;est pas un simple magasin qui attend les clients, mais une v\u00e9ritable exp\u00e9rience : en plus du choix imposant de bouteilles \u00e0 emporter, la <strong>Cave Conseil Al\u00e8s<\/strong> propose \u00e9galement un espace d\u00e9gustation pour go\u00fbter aux diff\u00e9rents vins s\u00e9lectionn\u00e9s par le caviste. Les conseils avis\u00e9s de Brian aident les visiteurs \u00e0 trouver leur bonheur et \u00e0<em> repartir avec quelques d\u00e9couvertes gustatives in\u00e9dites.<\/em><\/p>\n<ul>\n<li><strong>D\u00e9gustations r\u00e9guli\u00e8res :<\/strong> Brian Vandenynden organise fr\u00e9quemment des s\u00e9ances de d\u00e9gustation au sein de la Cave Conseil Al\u00e8s, invitant les amateurs \u00e0 venir d\u00e9couvrir ses coups de c\u0153ur du moment ainsi que des accords mets et vins.<\/li>\n<li><strong>Initiation \u00e0 l&rsquo;\u0153nologie :<\/strong> Pour ceux souhaitant approfondir leurs connaissances dans le domaine du vin, des ateliers d&rsquo;initiation sont \u00e9galement propos\u00e9s, avec des conseils sur la d\u00e9gustation, la conservation et le service des diff\u00e9rentes r\u00e9f\u00e9rences.<\/li>\n<li><strong>\u00c9v\u00e9nements th\u00e9matiques :<\/strong> La Cave Conseil Al\u00e8s est aussi un lieu convivial o\u00f9 se tiennent r\u00e9guli\u00e8rement des soir\u00e9es th\u00e9matiques autour du vin et de la gastronomie locale, permettant d&rsquo;\u00e9changer et de partager sa passion.<\/li>\n<\/ul>\n<h2><span class=\"ez-toc-section\" id=\"La_premiere_franchise_Cave_Conseil_dans_le_Gard_un_premier_pas_vers_dautres_aventures\"><\/span>La premi\u00e8re franchise Cave Conseil dans le Gard, un premier pas vers d&rsquo;autres aventures<span class=\"ez-toc-section-end\"><\/span><\/h2>\n<p>Alors qu&rsquo;il est responsable de la premi\u00e8re Cave Conseil dans le d\u00e9partement du Gard, Brian esp\u00e8re que cette premi\u00e8re inauguration \u00e0 Al\u00e8s n&rsquo;est que <em>le d\u00e9but d&rsquo;une longue histoire et souhaite ouvrir d&rsquo;autres enseignes locales prochainement.<\/em> Ce succ\u00e8s refl\u00e8te l&rsquo;engouement grandissant pour les vins fran\u00e7ais et \u00e9trangers aupr\u00e8s des habitants, toujours soucieux de la qualit\u00e9 et de la diversit\u00e9 des produits propos\u00e9s.<\/p>\n<h3><span class=\"ez-toc-section\" id=\"Une_franchise_en_pleine_expansion_en_France\"><\/span>Une franchise en pleine expansion en France<span class=\"ez-toc-section-end\"><\/span><\/h3>\n<p>La <strong>Cave Conseil Al\u00e8s<\/strong> fait partie d&rsquo;un r\u00e9seau de caves d\u00e9j\u00e0 implant\u00e9es dans plusieurs r\u00e9gions fran\u00e7aises, dont chacune b\u00e9n\u00e9ficie des comp\u00e9tences et connaissances approfondies des responsables. Le concept s\u00e9duit et a permis d&rsquo;installer avec succ\u00e8s plusieur franchises dans diff\u00e9rentes villes, qui partagent tous le m\u00eame objectif : offrir une s\u00e9lection pointue, personnalis\u00e9e et passionn\u00e9e de tr\u00e8s bonnes r\u00e9f\u00e9rences vinicoles au plus grand nombre.<\/p>\n<h2><span class=\"ez-toc-section\" id=\"Poussez_les_portes_de_la_Cave_Conseil_Ales_et_laissez-vous_conseiller_par_Brian_Vandenynden\"><\/span>Poussez les portes de la Cave Conseil Al\u00e8s et laissez-vous conseiller par Brian Vandenynden<span class=\"ez-toc-section-end\"><\/span><\/h2>\n<p>N&rsquo;attendez plus pour venir d\u00e9couvrir l&rsquo;univers du vin propos\u00e9 par <strong>Cave Conseil Al\u00e8s<\/strong>. Que vous soyez n\u00e9ophyte ou amateur \u00e9clair\u00e9, Brian Vandenynden saura vous conseiller et partager sa passion avec enthousiasme. Nul doute que vous repartirez de ce lieu convivial avec quelques bouteilles savoureuses et de belles d\u00e9couvertes gustatives !<\/p>\n","protected":false},"excerpt":{"rendered":"<div class=\"mh-excerpt\"><p>La ville d&rsquo;Al\u00e8s se r\u00e9jouit d&rsquo;accueillir une nouvelle adresse pour les amateurs de vins&nbsp;: la franchise Cave Conseil Al\u00e8s a ouvert ses portes en f\u00e9vrier <a class=\"mh-excerpt-more\" href=\"https:\/\/caviste.tel\/blog\/2023\/10\/27\/ales-accueille-la-premiere-franchise-cave-conseil-dans-le-gard\/\" title=\"Al\u00e8s accueille la premi\u00e8re franchise Cave Conseil dans le Gard\">[&#8230;]<\/a><\/p>\n<\/div>","protected":false},"author":5,"featured_media":9,"comment_status":"open","ping_status":"open","sticky":false,"template":"","format":"standard","meta":{"footnotes":""},"categories":[1],"tags":[],"class_list":["post-8","post","type-post","status-publish","format-standard","has-post-thumbnail","hentry","category-non-classe"],"_links":{"self":[{"href":"https:\/\/caviste.tel\/blog\/wp-json\/wp\/v2\/posts\/8","targetHints":{"allow":["GET"]}}],"collection":[{"href":"https:\/\/caviste.tel\/blog\/wp-json\/wp\/v2\/posts"}],"about":[{"href":"https:\/\/caviste.tel\/blog\/wp-json\/wp\/v2\/types\/post"}],"author":[{"embeddable":true,"href":"https:\/\/caviste.tel\/blog\/wp-json\/wp\/v2\/users\/5"}],"replies":[{"embeddable":true,"href":"https:\/\/caviste.tel\/blog\/wp-json\/wp\/v2\/comments?post=8"}],"version-history":[{"count":1,"href":"https:\/\/caviste.tel\/blog\/wp-json\/wp\/v2\/posts\/8\/revisions"}],"predecessor-version":[{"id":11,"href":"https:\/\/caviste.tel\/blog\/wp-json\/wp\/v2\/posts\/8\/revisions\/11"}],"wp:featuredmedia":[{"embeddable":true,"href":"https:\/\/caviste.tel\/blog\/wp-json\/wp\/v2\/media\/9"}],"wp:attachment":[{"href":"https:\/\/caviste.tel\/blog\/wp-json\/wp\/v2\/media?parent=8"}],"wp:term":[{"taxonomy":"category","embeddable":true,"href":"https:\/\/caviste.tel\/blog\/wp-json\/wp\/v2\/categories?post=8"},{"taxonomy":"post_tag","embeddable":true,"href":"https:\/\/caviste.tel\/blog\/wp-json\/wp\/v2\/tags?post=8"}],"curies":[{"name":"wp","href":"https:\/\/api.w.org\/{rel}","templated":true}]}}