{"id":16,"date":"2023-10-27T15:24:00","date_gmt":"2023-10-27T13:24:00","guid":{"rendered":"https:\/\/caviste.tel\/blog\/?p=16"},"modified":"2023-10-27T16:07:39","modified_gmt":"2023-10-27T14:07:39","slug":"les-cavistes-francais-font-face-a-une-baisse-significative-des-ventes-de-vins","status":"publish","type":"post","link":"https:\/\/caviste.tel\/blog\/2023\/10\/27\/les-cavistes-francais-font-face-a-une-baisse-significative-des-ventes-de-vins\/","title":{"rendered":"Les cavistes fran\u00e7ais font face \u00e0 une baisse significative des ventes de vins"},"content":{"rendered":"<p>Durant ces derniers mois, les cavistes fran\u00e7ais ont vu leurs ventes de vins d\u00e9gringoler et pr\u00e9parent d\u00e9sormais \u00e0 vivre une fin d&rsquo;ann\u00e9e commerciale difficile. Face aux difficult\u00e9s \u00e9conomiques, le recours \u00e0 l&rsquo;utilisation des stocks devient in\u00e9vitable.<\/p>\n<div id=\"ez-toc-container\" class=\"ez-toc-v2_0_75 counter-hierarchy ez-toc-counter ez-toc-grey ez-toc-container-direction\">\n<div class=\"ez-toc-title-container\">\n<p class=\"ez-toc-title\" style=\"cursor:inherit\">Table of Contents<\/p>\n<span class=\"ez-toc-title-toggle\"><a href=\"#\" class=\"ez-toc-pull-right ez-toc-btn ez-toc-btn-xs ez-toc-btn-default ez-toc-toggle\" aria-label=\"Toggle Table of Content\"><span class=\"ez-toc-js-icon-con\"><span class=\"\"><span class=\"eztoc-hide\" style=\"display:none;\">Toggle<\/span><span class=\"ez-toc-icon-toggle-span\"><svg style=\"fill: #999;color:#999\" xmlns=\"http:\/\/www.w3.org\/2000\/svg\" class=\"list-377408\" width=\"20px\" height=\"20px\" viewBox=\"0 0 24 24\" fill=\"none\"><path d=\"M6 6H4v2h2V6zm14 0H8v2h12V6zM4 11h2v2H4v-2zm16 0H8v2h12v-2zM4 16h2v2H4v-2zm16 0H8v2h12v-2z\" fill=\"currentColor\"><\/path><\/svg><svg style=\"fill: #999;color:#999\" class=\"arrow-unsorted-368013\" xmlns=\"http:\/\/www.w3.org\/2000\/svg\" width=\"10px\" height=\"10px\" viewBox=\"0 0 24 24\" version=\"1.2\" baseProfile=\"tiny\"><path d=\"M18.2 9.3l-6.2-6.3-6.2 6.3c-.2.2-.3.4-.3.7s.1.5.3.7c.2.2.4.3.7.3h11c.3 0 .5-.1.7-.3.2-.2.3-.5.3-.7s-.1-.5-.3-.7zM5.8 14.7l6.2 6.3 6.2-6.3c.2-.2.3-.5.3-.7s-.1-.5-.3-.7c-.2-.2-.4-.3-.7-.3h-11c-.3 0-.5.1-.7.3-.2.2-.3.5-.3.7s.1.5.3.7z\"\/><\/svg><\/span><\/span><\/span><\/a><\/span><\/div>\n<nav><ul class='ez-toc-list ez-toc-list-level-1 ' ><li class='ez-toc-page-1 ez-toc-heading-level-2'><a class=\"ez-toc-link ez-toc-heading-1\" href=\"https:\/\/caviste.tel\/blog\/2023\/10\/27\/les-cavistes-francais-font-face-a-une-baisse-significative-des-ventes-de-vins\/#Baisse_generalisee_de_lactivite_des_cavistes\" >Baisse g\u00e9n\u00e9ralis\u00e9e de l&rsquo;activit\u00e9 des cavistes<\/a><ul class='ez-toc-list-level-3' ><li class='ez-toc-heading-level-3'><a class=\"ez-toc-link ez-toc-heading-2\" href=\"https:\/\/caviste.tel\/blog\/2023\/10\/27\/les-cavistes-francais-font-face-a-une-baisse-significative-des-ventes-de-vins\/#Facteurs_contribuant_a_la_baisse_des_ventes\" >Facteurs contribuant \u00e0 la baisse des ventes<\/a><\/li><\/ul><\/li><li class='ez-toc-page-1 ez-toc-heading-level-2'><a class=\"ez-toc-link ez-toc-heading-3\" href=\"https:\/\/caviste.tel\/blog\/2023\/10\/27\/les-cavistes-francais-font-face-a-une-baisse-significative-des-ventes-de-vins\/#Impact_direct_sur_les_cavistes_independants_francais\" >Impact direct sur les cavistes ind\u00e9pendants fran\u00e7ais<\/a><ul class='ez-toc-list-level-3' ><li class='ez-toc-heading-level-3'><a class=\"ez-toc-link ez-toc-heading-4\" href=\"https:\/\/caviste.tel\/blog\/2023\/10\/27\/les-cavistes-francais-font-face-a-une-baisse-significative-des-ventes-de-vins\/#Mettre_laccent_sur_les_produits_locaux_et_les_partenariats\" >Mettre l&rsquo;accent sur les produits locaux et les partenariats<\/a><\/li><li class='ez-toc-page-1 ez-toc-heading-level-3'><a class=\"ez-toc-link ez-toc-heading-5\" href=\"https:\/\/caviste.tel\/blog\/2023\/10\/27\/les-cavistes-francais-font-face-a-une-baisse-significative-des-ventes-de-vins\/#Diversifier_loffre_et_proposer_des_services_complementaires\" >Diversifier l&rsquo;offre et proposer des services compl\u00e9mentaires<\/a><\/li><\/ul><\/li><li class='ez-toc-page-1 ez-toc-heading-level-2'><a class=\"ez-toc-link ez-toc-heading-6\" href=\"https:\/\/caviste.tel\/blog\/2023\/10\/27\/les-cavistes-francais-font-face-a-une-baisse-significative-des-ventes-de-vins\/#Les_challenges_de_la_fin_dannee\" >Les challenges de la fin d&rsquo;ann\u00e9e<\/a><ul class='ez-toc-list-level-3' ><li class='ez-toc-heading-level-3'><a class=\"ez-toc-link ez-toc-heading-7\" href=\"https:\/\/caviste.tel\/blog\/2023\/10\/27\/les-cavistes-francais-font-face-a-une-baisse-significative-des-ventes-de-vins\/#Mobilisation_des_stocks_et_operations_promotionnelles\" >Mobilisation des stocks et op\u00e9rations promotionnelles<\/a><\/li><li class='ez-toc-page-1 ez-toc-heading-level-3'><a class=\"ez-toc-link ez-toc-heading-8\" href=\"https:\/\/caviste.tel\/blog\/2023\/10\/27\/les-cavistes-francais-font-face-a-une-baisse-significative-des-ventes-de-vins\/#Soutien_public_et_prive_aux_professionnels_du_secteur\" >Soutien public et priv\u00e9 aux professionnels du secteur<\/a><\/li><\/ul><\/li><\/ul><\/nav><\/div>\n<h2><span class=\"ez-toc-section\" id=\"Baisse_generalisee_de_lactivite_des_cavistes\"><\/span>Baisse g\u00e9n\u00e9ralis\u00e9e de l&rsquo;activit\u00e9 des cavistes<span class=\"ez-toc-section-end\"><\/span><\/h2>\n<p><strong>Depuis septembre 2022, les cavistes enregistrent globalement une baisse de 20 % de leur activit\u00e9<\/strong>, selon le pr\u00e9sident de la F\u00e9d\u00e9ration des Cavistes Ind\u00e9pendants, Cyril Coniglio. Cette diminution a entra\u00een\u00e9 de graves cons\u00e9quences pour les g\u00e9rants, dont certains ne se paient plus avec ces baisses de vente. Des t\u00e9moignages de difficult\u00e9s \u00e9conomiques arrivent tous les jours chez les professionnels du secteur.<\/p>\n<h3><span class=\"ez-toc-section\" id=\"Facteurs_contribuant_a_la_baisse_des_ventes\"><\/span>Facteurs contribuant \u00e0 la baisse des ventes<span class=\"ez-toc-section-end\"><\/span><\/h3>\n<p>Plusieurs raisons principales expliquent cette tendance n\u00e9gative :<\/p>\n<ul>\n<li><strong>Variabilit\u00e9 climatique<\/strong>&nbsp;: Les al\u00e9as climatiques repr\u00e9sentent un d\u00e9fi majeur pour la production viticole fran\u00e7aise, provoquant r\u00e9guli\u00e8rement des perturbations dans la production et la qualit\u00e9 des vins.;\n<li><strong>Tension g\u00e9opolitique<\/strong>&nbsp;: La crise actuelle entre pays producteurs et importateurs de vin rend \u00e9galement le commerce international plus difficile et co\u00fbteux;\n<li><strong>Inflation<\/strong>&nbsp;: L&rsquo;inflation croissante a entra\u00een\u00e9 une augmentation des co\u00fbts de production, ce qui se r\u00e9percute in\u00e9vitablement sur les prix de vente des vins;\n<li><strong>Changement des habitudes de consommation<\/strong>&nbsp;: La pand\u00e9mie mondiale a \u00e9galement chang\u00e9 la mani\u00e8re dont les consommateurs ach\u00e8tent du vin. La fermeture des bars et restaurants pendant les confinements a pouss\u00e9 un grand nombre de personnes \u00e0 se tourner vers les cavistes pour acheter leur vin, mais cette tendance s&rsquo;est invers\u00e9e avec la r\u00e9ouverture progressive;\n<ul>\n<h2><span class=\"ez-toc-section\" id=\"Impact_direct_sur_les_cavistes_independants_francais\"><\/span>Impact direct sur les cavistes ind\u00e9pendants fran\u00e7ais<span class=\"ez-toc-section-end\"><\/span><\/h2>\n<p>La baisse de l&rsquo;activit\u00e9 des cavistes touche particuli\u00e8rement les petits commer\u00e7ants ind\u00e9pendants. Loin de pouvoir compter sur les cha\u00eenes d&rsquo;\u00e9tablissements nationales ou internationales pour amortir le choc, ces professionnels doivent trouver des solutions locales pour rester \u00e0 flot.<\/p>\n<h3><span class=\"ez-toc-section\" id=\"Mettre_laccent_sur_les_produits_locaux_et_les_partenariats\"><\/span>Mettre l&rsquo;accent sur les produits locaux et les partenariats<span class=\"ez-toc-section-end\"><\/span><\/h3>\n<p>Pour r\u00e9pondre \u00e0 cette situation difficile, certains cavistes optent pour une approche plus locale en mettant davantage l&rsquo;accent sur les produits r\u00e9gionaux et en nouant des partenariats avec des producteurs locaux. Cette strat\u00e9gie permet non seulement de soutenir les viticulteurs de la r\u00e9gion, mais aussi d&rsquo;attirer une client\u00e8le fid\u00e8le et r\u00e9guli\u00e8re gr\u00e2ce \u00e0 des offres exclusives et personnalis\u00e9es.<\/p>\n<h3><span class=\"ez-toc-section\" id=\"Diversifier_loffre_et_proposer_des_services_complementaires\"><\/span>Diversifier l&rsquo;offre et proposer des services compl\u00e9mentaires<span class=\"ez-toc-section-end\"><\/span><\/h3>\n<p>Une autre solution envisag\u00e9e par de nombreux cavistes est la diversification de leur offre commerciale :<\/p>\n<ul>\n<li><strong>\u00c9largir la gamme de produits<\/strong>&nbsp;: proposer diverses gammes de vins mais aussi des spiritueux, bi\u00e8res artisanales et autres boissons alcoolis\u00e9es pour \u00e9largir l&rsquo;attrait de leur boutique;\n<li><strong>Cr\u00e9er des \u00e9v\u00e9nements autour du vin<\/strong>&nbsp;: organiser des d\u00e9gustations, des soir\u00e9es \u00e0 th\u00e8mes ou des rencontres avec les producteurs pour attirer de nouveaux clients et fid\u00e9liser la client\u00e8le existante.\n<li><strong>Oeuvrer pour le d\u00e9veloppement durable<\/strong>&nbsp;: mettre en avant des pratiques \u00e9coresponsables et une production \u00ab\u00a0verte\u00a0\u00bb en s&rsquo;appuyant sur les labels et certifications environnementaux;\n<ul>\n<h2><span class=\"ez-toc-section\" id=\"Les_challenges_de_la_fin_dannee\"><\/span>Les challenges de la fin d&rsquo;ann\u00e9e<span class=\"ez-toc-section-end\"><\/span><\/h2>\n<p>Dans ce paysage \u00e9conomique fragile, les cavistes ind\u00e9pendants fran\u00e7ais se pr\u00e9parent \u00e0 vivre une fin d&rsquo;ann\u00e9e mouvement\u00e9e, marqu\u00e9e par l&rsquo;incertitude \u00e9conomique et la concurrence accrue. Ils sont nombreux \u00e0 esp\u00e9rer un sursaut des ventes durant la p\u00e9riode des f\u00eates, traditionnellement propice aux achats de vins et spiritueux.<\/p>\n<h3><span class=\"ez-toc-section\" id=\"Mobilisation_des_stocks_et_operations_promotionnelles\"><\/span>Mobilisation des stocks et op\u00e9rations promotionnelles<span class=\"ez-toc-section-end\"><\/span><\/h3>\n<p>Pour tenir face aux difficult\u00e9s actuelles, bon nombre de cavistes vont mobiliser leurs stocks afin de soutenir leur activit\u00e9. Des op\u00e9rations promotionnelles pourraient \u00e9galement \u00eatre envisag\u00e9es pour inciter les consommateurs \u00e0 acheter davantage et soutenir les petits commerces locaux.<\/p>\n<h3><span class=\"ez-toc-section\" id=\"Soutien_public_et_prive_aux_professionnels_du_secteur\"><\/span>Soutien public et priv\u00e9 aux professionnels du secteur<span class=\"ez-toc-section-end\"><\/span><\/h3>\n<p>Face \u00e0 cette situation in\u00e9dite et pr\u00e9occupante, les cavistes et la profession appellent \u00e0 une mobilisation g\u00e9n\u00e9rale des pouvoirs publics, des collectivit\u00e9s territoriales, des institutions financi\u00e8res et des organismes de soutien aux entreprises pour aider ces commerces indispensables au rayonnement culturel et gastronomique du pays \u00e0 traverser la crise.<\/p>\n","protected":false},"excerpt":{"rendered":"<div class=\"mh-excerpt\"><p>Durant ces derniers mois, les cavistes fran\u00e7ais ont vu leurs ventes de vins d\u00e9gringoler et pr\u00e9parent d\u00e9sormais \u00e0 vivre une fin d&rsquo;ann\u00e9e commerciale difficile. Face <a class=\"mh-excerpt-more\" href=\"https:\/\/caviste.tel\/blog\/2023\/10\/27\/les-cavistes-francais-font-face-a-une-baisse-significative-des-ventes-de-vins\/\" title=\"Les cavistes fran\u00e7ais font face \u00e0 une baisse significative des ventes de vins\">[&#8230;]<\/a><\/p>\n<\/div>","protected":false},"author":5,"featured_media":20,"comment_status":"open","ping_status":"open","sticky":false,"template":"","format":"standard","meta":{"footnotes":""},"categories":[1],"tags":[],"class_list":["post-16","post","type-post","status-publish","format-standard","has-post-thumbnail","hentry","category-non-classe"],"_links":{"self":[{"href":"https:\/\/caviste.tel\/blog\/wp-json\/wp\/v2\/posts\/16","targetHints":{"allow":["GET"]}}],"collection":[{"href":"https:\/\/caviste.tel\/blog\/wp-json\/wp\/v2\/posts"}],"about":[{"href":"https:\/\/caviste.tel\/blog\/wp-json\/wp\/v2\/types\/post"}],"author":[{"embeddable":true,"href":"https:\/\/caviste.tel\/blog\/wp-json\/wp\/v2\/users\/5"}],"replies":[{"embeddable":true,"href":"https:\/\/caviste.tel\/blog\/wp-json\/wp\/v2\/comments?post=16"}],"version-history":[{"count":1,"href":"https:\/\/caviste.tel\/blog\/wp-json\/wp\/v2\/posts\/16\/revisions"}],"predecessor-version":[{"id":21,"href":"https:\/\/caviste.tel\/blog\/wp-json\/wp\/v2\/posts\/16\/revisions\/21"}],"wp:featuredmedia":[{"embeddable":true,"href":"https:\/\/caviste.tel\/blog\/wp-json\/wp\/v2\/media\/20"}],"wp:attachment":[{"href":"https:\/\/caviste.tel\/blog\/wp-json\/wp\/v2\/media?parent=16"}],"wp:term":[{"taxonomy":"category","embeddable":true,"href":"https:\/\/caviste.tel\/blog\/wp-json\/wp\/v2\/categories?post=16"},{"taxonomy":"post_tag","embeddable":true,"href":"https:\/\/caviste.tel\/blog\/wp-json\/wp\/v2\/tags?post=16"}],"curies":[{"name":"wp","href":"https:\/\/api.w.org\/{rel}","templated":true}]}}